{"id":692,"date":"2021-02-15T04:59:04","date_gmt":"2021-02-15T03:59:04","guid":{"rendered":"https:\/\/movimientocalasanz.org\/2021\/02\/15\/reiniciamosconlandriani\/"},"modified":"2021-02-15T05:10:35","modified_gmt":"2021-02-15T04:10:35","slug":"reiniciamosconlandriani","status":"publish","type":"post","link":"https:\/\/movimientocalasanz.org\/it\/2021\/02\/15\/reiniciamosconlandriani\/","title":{"rendered":"#ReiniciamosConLandriani"},"content":{"rendered":"<h1>\u00a1Estamos de Fiesta!<\/h1>\n<p>Glicerio Landriani, fue uno de los primeros compa\u00f1eros escolapios de Calasanz. \u00c9l es el \u201cpatr\u00f3n\u201d del Movimiento Calasanz.<\/p>\n<p>#ReiniciamosConLandriani<\/p>\n<p>Glicerio Landriani, fue el primer joven que llam\u00f3 a las puertas de las Escuelas P\u00edas para comprometerse con el sue\u00f1o de Calasanz. Glicerio fue un gran catequista y evangelizador, un apasionado de la misi\u00f3n escolapia por esta raz\u00f3n, San Jos\u00e9 de Calasanz encomend\u00f3 a Glicerio las dos llaves del alma de los ni\u00f1os y adolescentes: la Oraci\u00f3n Continua y la Catequesis.<\/p>\n<p>Este d\u00eda recordamos de manera especial a Glicerio Landriani, uno de los primeros escolapios que junto a San Jos\u00e9 de Calasanz supieron responder a las necesidades de su tiempo ofreciendo a los ni\u00f1os de la primera escuela la posibilidad de crecer felices con un futuro promisorio, sin duda Landriani so\u00f1\u00f3 y construy\u00f3 con Calasanz un mejor futuro para los ni\u00f1os y j\u00f3venes de su tiempo y el nuestro.<\/p>\n<p>Landriani nos ense\u00f1a que las actitudes de servicio, entrega y obediencia a los dem\u00e1s nos llevan a crecer en amor a Dios y el pr\u00f3jimo.<\/p>\n<p>Naci\u00f3 en Mil\u00e1n en 1588 y muri\u00f3 en Roma, el 15 de febrero de 1618.<\/p>\n<p>Te damos gracias Padre Bueno por Glicerio Landriani, por los ni\u00f1os, j\u00f3venes y educadores de todo el mundo que forman parte del Movimiento Calasanz. Que todos vivamos como una gran familia escolapia.<\/p>\n<p>Nos disponemos a vivir con actitudes de servicio, entrega y obediencia en el Movimiento Calasanz.<\/p>\n<p><em>#ReiniciamosJuntos\u00a0 \u00a0#MCal<\/em><\/p>\n<p><img loading=\"lazy\" decoding=\"async\" class=\"alignnone size-large wp-image-683\" src=\"https:\/\/movimientocalasanz.org\/wp-content\/uploads\/2021\/02\/Dia-del-mocimiento-Calasanz.-portada-facebook-1024x380.jpg\" alt=\"\" width=\"1024\" height=\"380\" srcset=\"https:\/\/movimientocalasanz.org\/wp-content\/uploads\/2021\/02\/Dia-del-mocimiento-Calasanz.-portada-facebook-980x364.jpg 980w, https:\/\/movimientocalasanz.org\/wp-content\/uploads\/2021\/02\/Dia-del-mocimiento-Calasanz.-portada-facebook-480x178.jpg 480w\" sizes=\"(min-width: 0px) and (max-width: 480px) 480px, (min-width: 481px) and (max-width: 980px) 980px, (min-width: 981px) 1024px, 100vw\" \/><\/p>\n","protected":false},"excerpt":{"rendered":"<p>Glicerio Landriani, fue uno de los primeros compa\u00f1eros escolapios de Calasanz. \u00c9l es el \u201cpatr\u00f3n\u201d del Movimiento Calasanz.<\/p>\n","protected":false},"author":2,"featured_media":683,"comment_status":"open","ping_status":"open","sticky":false,"template":"","format":"standard","meta":{"_et_pb_use_builder":"","_et_pb_old_content":"","_et_gb_content_width":"","footnotes":""},"categories":[18],"tags":[57],"class_list":["post-692","post","type-post","status-publish","format-standard","has-post-thumbnail","hentry","category-noticias-it","tag-landriani-it"],"_links":{"self":[{"href":"https:\/\/movimientocalasanz.org\/it\/wp-json\/wp\/v2\/posts\/692","targetHints":{"allow":["GET"]}}],"collection":[{"href":"https:\/\/movimientocalasanz.org\/it\/wp-json\/wp\/v2\/posts"}],"about":[{"href":"https:\/\/movimientocalasanz.org\/it\/wp-json\/wp\/v2\/types\/post"}],"author":[{"embeddable":true,"href":"https:\/\/movimientocalasanz.org\/it\/wp-json\/wp\/v2\/users\/2"}],"replies":[{"embeddable":true,"href":"https:\/\/movimientocalasanz.org\/it\/wp-json\/wp\/v2\/comments?post=692"}],"version-history":[{"count":1,"href":"https:\/\/movimientocalasanz.org\/it\/wp-json\/wp\/v2\/posts\/692\/revisions"}],"predecessor-version":[{"id":695,"href":"https:\/\/movimientocalasanz.org\/it\/wp-json\/wp\/v2\/posts\/692\/revisions\/695"}],"wp:featuredmedia":[{"embeddable":true,"href":"https:\/\/movimientocalasanz.org\/it\/wp-json\/wp\/v2\/media\/683"}],"wp:attachment":[{"href":"https:\/\/movimientocalasanz.org\/it\/wp-json\/wp\/v2\/media?parent=692"}],"wp:term":[{"taxonomy":"category","embeddable":true,"href":"https:\/\/movimientocalasanz.org\/it\/wp-json\/wp\/v2\/categories?post=692"},{"taxonomy":"post_tag","embeddable":true,"href":"https:\/\/movimientocalasanz.org\/it\/wp-json\/wp\/v2\/tags?post=692"}],"curies":[{"name":"wp","href":"https:\/\/api.w.org\/{rel}","templated":true}]}}