{"id":657,"date":"2021-02-11T01:44:54","date_gmt":"2021-02-11T00:44:54","guid":{"rendered":"https:\/\/movimientocalasanz.org\/2021\/02\/11\/comunicado-dia-del-movimiento-calasanz\/"},"modified":"2021-02-11T17:41:42","modified_gmt":"2021-02-11T16:41:42","slug":"comunicado-dia-del-movimiento-calasanz","status":"publish","type":"post","link":"https:\/\/movimientocalasanz.org\/it\/2021\/02\/11\/comunicado-dia-del-movimiento-calasanz\/","title":{"rendered":"Comunicado- D\u00eda del Movimiento Calasanz"},"content":{"rendered":"<p>Queridos responsables demarcaciones del Movimiento Calasanz.<\/p>\n<div><\/div>\n<div>Gracias por todas vuestras respuestas a la consulta que os lanzamos hace una semana. A la luz de lo recibido, vemos que hay un amplio consenso en la consideraci\u00f3n del 31 de mayo como una fecha propicia para la celebraci\u00f3n del d\u00eda del Movimiento Calasanz. Durante estos d\u00edas, tambi\u00e9n hemos estado en contacto con el P. General para valorar la propuesta.<\/div>\n<div><\/div>\n<div>Acabamos de recibir el protocolo oficial de la Congregaci\u00f3n General aprobando el\u00a0cambio. Compartimos con vosotros el texto:<\/div>\n<div><\/div>\n<div><b><i>&#8220;Les comunicamos que la Congregaci\u00f3n General, en sesi\u00f3n celebrada en Roma el d\u00eda 8 de febrero de 2021, ha aprobado trasladar la fecha de la celebraci\u00f3n anual del D\u00cdA DEL MOVIMIENTO CALASANZ al 31 de mayo de cada a\u00f1o.<\/i><\/b><\/div>\n<div>\n<p>Teniendo en cuenta el calendario de las diversas demarcaciones, creemos que el 31 de mayo es la fecha m\u00e1s conveniente para todos. Ese d\u00eda, toda la Orden recuerda y celebra el aniversario de la proclamaci\u00f3n de Glicerio Landriani, patrono del Movimiento Calasanz, como Venerable, y su entrada a las Escuelas P\u00edas, entusiasmado con el proyecto de Calasanz&#8221;.<\/p>\n<\/div>\n<div><\/div>\n<div>As\u00ed pues, este mismo a\u00f1o podremos celebrar el d\u00eda del Movimiento Calasanz el 31 de mayo.<\/div>\n<div><\/div>\n<div>\n<p>No obstante, conscientes de que la decisi\u00f3n definitiva se ha tomado a las puertas de la fecha de celebraci\u00f3n de estos \u00faltimos a\u00f1os, comprendemos que haya demarcaciones que mantengan para este curso la fecha del 15 de febrero. Para facilitar la celebraci\u00f3n, ma\u00f1ana mismo os enviaremos los siguientes materiales:<\/p>\n<p>&#8211; Una oraci\u00f3n con ni\u00f1os<br \/>\n&#8211; Una oraci\u00f3n con j\u00f3venes<br \/>\n&#8211; Una sesi\u00f3n de grupo con ni\u00f1os<br \/>\n&#8211; Una sesi\u00f3n de grupo con j\u00f3venes<br \/>\n&#8211; Una eucarist\u00eda.<\/p>\n<p>En esta ocasi\u00f3n, en este primer env\u00edo, sentimos no poder ofreceros los materiales en ingl\u00e9s y franc\u00e9s, como hemos hecho otros a\u00f1os. Para los que hag\u00e1is la celebraci\u00f3n en la nueva fecha de\u00a0mayo, s\u00ed pretendemos\u00a0proporcionaros\u00a0los materiales traducidos.<\/p>\n<\/div>\n<div><\/div>\n<div>\n<p>Adem\u00e1s, os anunciamos que estamos pensando en organizar algo especial para la celebraci\u00f3n del MCal ya cerca de la nueva fecha. Os iremos informando. Pero por el momento, intentad no ocupar en vuestras agendas la fecha del s\u00e1bado 29 de mayo.<\/p>\n<p>Muchas gracias por todo vuestro trabajo. Mucho \u00e1nimo.<br \/>\nUn fuerte abrazo en Calasanz<\/p>\n<p>El Equipo General del Movimiento Calasanz.<\/p>\n<\/div>\n<div><\/div>\n<div><\/div>\n","protected":false},"excerpt":{"rendered":"<p>&#8220;Les comunicamos que la Congregaci\u00f3n General, en sesi\u00f3n celebrada en Roma el d\u00eda 8 de febrero de 2021, ha aprobado trasladar la fecha de la celebraci\u00f3n anual del D\u00cdA DEL MOVIMIENTO CALASANZ al 31 de mayo de cada a\u00f1o.<\/p>\n<p>Teniendo en cuenta el calendario de las diversas demarcaciones, creemos que el 31 de mayo es la fecha m\u00e1s conveniente para todos. Ese d\u00eda, toda la Orden recuerda y celebra el aniversario de la proclamaci\u00f3n de Glicerio Landriani, patrono del Movimiento Calasanz, como Venerable, y su entrada a las Escuelas P\u00edas, entusiasmado con el proyecto de Calasanz&#8221;.<\/p>\n","protected":false},"author":2,"featured_media":609,"comment_status":"open","ping_status":"open","sticky":false,"template":"","format":"standard","meta":{"_et_pb_use_builder":"","_et_pb_old_content":"","_et_gb_content_width":"","footnotes":""},"categories":[18],"tags":[48,49,50],"class_list":["post-657","post","type-post","status-publish","format-standard","has-post-thumbnail","hentry","category-noticias-it","tag-celebramos-el-dia-del-movimiento-calasanz-it","tag-comunicado-dia-del-movimiento-calasanz-it","tag-nueva-fecha-para-celebrar-el-dia-del-movimiento-calasanz-it"],"_links":{"self":[{"href":"https:\/\/movimientocalasanz.org\/it\/wp-json\/wp\/v2\/posts\/657","targetHints":{"allow":["GET"]}}],"collection":[{"href":"https:\/\/movimientocalasanz.org\/it\/wp-json\/wp\/v2\/posts"}],"about":[{"href":"https:\/\/movimientocalasanz.org\/it\/wp-json\/wp\/v2\/types\/post"}],"author":[{"embeddable":true,"href":"https:\/\/movimientocalasanz.org\/it\/wp-json\/wp\/v2\/users\/2"}],"replies":[{"embeddable":true,"href":"https:\/\/movimientocalasanz.org\/it\/wp-json\/wp\/v2\/comments?post=657"}],"version-history":[{"count":1,"href":"https:\/\/movimientocalasanz.org\/it\/wp-json\/wp\/v2\/posts\/657\/revisions"}],"predecessor-version":[{"id":660,"href":"https:\/\/movimientocalasanz.org\/it\/wp-json\/wp\/v2\/posts\/657\/revisions\/660"}],"wp:featuredmedia":[{"embeddable":true,"href":"https:\/\/movimientocalasanz.org\/it\/wp-json\/wp\/v2\/media\/609"}],"wp:attachment":[{"href":"https:\/\/movimientocalasanz.org\/it\/wp-json\/wp\/v2\/media?parent=657"}],"wp:term":[{"taxonomy":"category","embeddable":true,"href":"https:\/\/movimientocalasanz.org\/it\/wp-json\/wp\/v2\/categories?post=657"},{"taxonomy":"post_tag","embeddable":true,"href":"https:\/\/movimientocalasanz.org\/it\/wp-json\/wp\/v2\/tags?post=657"}],"curies":[{"name":"wp","href":"https:\/\/api.w.org\/{rel}","templated":true}]}}