{"id":1066,"date":"2021-05-31T08:08:20","date_gmt":"2021-05-31T06:08:20","guid":{"rendered":"https:\/\/movimientocalasanz.org\/2021\/05\/31\/cumplimos-9-anos-de-latir-en-un-solo-corazon-en-movimiento\/"},"modified":"2021-05-31T08:12:00","modified_gmt":"2021-05-31T06:12:00","slug":"cumplimos-9-anos-de-latir-en-un-solo-corazon-en-movimiento","status":"publish","type":"post","link":"https:\/\/movimientocalasanz.org\/it\/2021\/05\/31\/cumplimos-9-anos-de-latir-en-un-solo-corazon-en-movimiento\/","title":{"rendered":"Cumplimos 9 a\u00f1os de latir en un solo coraz\u00f3n en movimiento."},"content":{"rendered":"<p>El 31 de mayo de 2012 la Congregaci\u00f3n General constitu\u00eda oficialmente el Movimiento Calasanz, con ello puso en <em>conexi\u00f3n<\/em> las realidades de los procesos educativos y pastorales existentes en las presencias escolapias.<\/p>\n<p>Aqu\u00ed la Circular de la Congregaci\u00f3n General: <a href=\"https:\/\/movimientocalasanz.org\/wp-content\/uploads\/2021\/05\/02-120530-Movimiento-Calasanz-ING-FRA-ITA-ESP.pdf\">02-120530-Movimiento-Calasanz-ING-FRA-ITA-ESP<\/a><\/p>\n<p>Cumplimos 9 a\u00f1os de latir en un solo coraz\u00f3n en movimiento.<\/p>\n<p>#MCalDay<\/p>\n<div style=\"width: 1080px;\" class=\"wp-video\"><video class=\"wp-video-shortcode\" id=\"video-1066-1\" width=\"1080\" height=\"608\" preload=\"metadata\" controls=\"controls\"><source type=\"video\/mp4\" src=\"https:\/\/movimientocalasanz.org\/wp-content\/uploads\/2021\/05\/MCALDAY.mp4?_=1\" \/><a href=\"https:\/\/movimientocalasanz.org\/wp-content\/uploads\/2021\/05\/MCALDAY.mp4\">https:\/\/movimientocalasanz.org\/wp-content\/uploads\/2021\/05\/MCALDAY.mp4<\/a><\/video><\/div>\n","protected":false},"excerpt":{"rendered":"<p>El 31 de mayo de 2012 la Congregaci&oacute;n General constitu&iacute;a oficialmente el Movimiento Calasanz, con ello puso en conexi&oacute;n las realidades de los procesos educativos y pastorales existentes en las presencias escolapias. Aqu&iacute; la Circular de la Congregaci&oacute;n General: 02-120530-Movimiento-Calasanz-ING-FRA-ITA-ESP Cumplimos 9 a&ntilde;os de latir en un solo coraz&oacute;n en movimiento. #MCalDay<\/p>\n","protected":false},"author":2,"featured_media":1062,"comment_status":"open","ping_status":"open","sticky":false,"template":"","format":"standard","meta":{"_et_pb_use_builder":"","_et_pb_old_content":"","_et_gb_content_width":"","footnotes":""},"categories":[18],"tags":[],"class_list":["post-1066","post","type-post","status-publish","format-standard","has-post-thumbnail","hentry","category-noticias-it"],"_links":{"self":[{"href":"https:\/\/movimientocalasanz.org\/it\/wp-json\/wp\/v2\/posts\/1066","targetHints":{"allow":["GET"]}}],"collection":[{"href":"https:\/\/movimientocalasanz.org\/it\/wp-json\/wp\/v2\/posts"}],"about":[{"href":"https:\/\/movimientocalasanz.org\/it\/wp-json\/wp\/v2\/types\/post"}],"author":[{"embeddable":true,"href":"https:\/\/movimientocalasanz.org\/it\/wp-json\/wp\/v2\/users\/2"}],"replies":[{"embeddable":true,"href":"https:\/\/movimientocalasanz.org\/it\/wp-json\/wp\/v2\/comments?post=1066"}],"version-history":[{"count":1,"href":"https:\/\/movimientocalasanz.org\/it\/wp-json\/wp\/v2\/posts\/1066\/revisions"}],"predecessor-version":[{"id":1075,"href":"https:\/\/movimientocalasanz.org\/it\/wp-json\/wp\/v2\/posts\/1066\/revisions\/1075"}],"wp:featuredmedia":[{"embeddable":true,"href":"https:\/\/movimientocalasanz.org\/it\/wp-json\/wp\/v2\/media\/1062"}],"wp:attachment":[{"href":"https:\/\/movimientocalasanz.org\/it\/wp-json\/wp\/v2\/media?parent=1066"}],"wp:term":[{"taxonomy":"category","embeddable":true,"href":"https:\/\/movimientocalasanz.org\/it\/wp-json\/wp\/v2\/categories?post=1066"},{"taxonomy":"post_tag","embeddable":true,"href":"https:\/\/movimientocalasanz.org\/it\/wp-json\/wp\/v2\/tags?post=1066"}],"curies":[{"name":"wp","href":"https:\/\/api.w.org\/{rel}","templated":true}]}}