{"id":649,"date":"2021-02-11T17:27:43","date_gmt":"2021-02-11T16:27:43","guid":{"rendered":"https:\/\/movimientocalasanz.org\/2021\/02\/11\/materiales-celebracion-dia-del-movimiento-calasanz\/"},"modified":"2021-02-11T17:41:23","modified_gmt":"2021-02-11T16:41:23","slug":"materiales-celebracion-dia-del-movimiento-calasanz","status":"publish","type":"post","link":"https:\/\/movimientocalasanz.org\/fr\/2021\/02\/11\/materiales-celebracion-dia-del-movimiento-calasanz\/","title":{"rendered":"Materiales- Celebraci\u00f3n D\u00eda del Movimiento Calasanz"},"content":{"rendered":"<p>Queridos responsables demarcacionales del Movimiento Calasanz,<\/p>\n<div>\n<p>Os adjuntamos los materiales que hemos preparado para la celebraci\u00f3n del d\u00eda del Movimiento Calasanz, a\u00a0los\u00a0que\u00a0hac\u00edamos referencia en el comunicado que enviamos ayer.<\/p>\n<p>Son 3 archivos:<\/p>\n<\/div>\n<div>&#8211; Un archivo incluye la oraci\u00f3n con ni\u00f1os y la sesi\u00f3n de grupo con ni\u00f1os<\/div>\n<div>&#8211; Otro archivo incluye la oraci\u00f3n con j\u00f3venes y la sesi\u00f3n de grupo con j\u00f3venes<\/div>\n<div>&#8211; El tercer archivo es la eucarist\u00eda.<\/div>\n<div><\/div>\n<div>CLICK AQU\u00cd<\/div>\n<div><a href=\"https:\/\/movimientocalasanz.org\/wp-content\/uploads\/2021\/02\/DIA-MCAL-2021-JOVENES-2.pdf\">DIA MCAL 2021 JOVENES<\/a><\/div>\n<div><a href=\"https:\/\/movimientocalasanz.org\/wp-content\/uploads\/2021\/02\/DIA-MCAL-2021-PEQUEN\u0303OS-1.pdf\">DIA MCAL 2021 PEQUEN\u0303OS<\/a><\/div>\n<div><a href=\"https:\/\/movimientocalasanz.org\/wp-content\/uploads\/2021\/02\/DIA-MCAL-2021-EUCARISTIA-1.pdf\">DIA MCAL 2021 EUCARISTIA<\/a><\/div>\n<div><\/div>\n<div>El Equipo General del Movimiento Calasanz<\/div>\n<div>\n<div><\/div>\n<div>Un fuerte abrazo en Mar\u00eda y en Calasanz<\/div>\n<\/div>\n<div class=\"yj6qo\"><\/div>\n<div class=\"adL\"><\/div>\n","protected":false},"excerpt":{"rendered":"<p>Queridos responsables demarcacionales del Movimiento Calasanz, Os adjuntamos los materiales que hemos preparado para la celebraci&oacute;n del d&iacute;a del Movimiento Calasanz, a&nbsp;los&nbsp;que&nbsp;hac&iacute;amos referencia en el comunicado que enviamos ayer. Son 3 archivos: &ndash; Un archivo incluye la oraci&oacute;n con ni&ntilde;os y la sesi&oacute;n de grupo con ni&ntilde;os &ndash; Otro archivo incluye la oraci&oacute;n con j&oacute;venes [&hellip;]<\/p>\n","protected":false},"author":2,"featured_media":644,"comment_status":"open","ping_status":"open","sticky":false,"template":"","format":"standard","meta":{"_et_pb_use_builder":"","_et_pb_old_content":"","_et_gb_content_width":"","footnotes":""},"categories":[15],"tags":[40],"class_list":["post-649","post","type-post","status-publish","format-standard","has-post-thumbnail","hentry","category-noticias-fr","tag-materiales-dia-del-movimiento-calasanz-fr"],"_links":{"self":[{"href":"https:\/\/movimientocalasanz.org\/fr\/wp-json\/wp\/v2\/posts\/649","targetHints":{"allow":["GET"]}}],"collection":[{"href":"https:\/\/movimientocalasanz.org\/fr\/wp-json\/wp\/v2\/posts"}],"about":[{"href":"https:\/\/movimientocalasanz.org\/fr\/wp-json\/wp\/v2\/types\/post"}],"author":[{"embeddable":true,"href":"https:\/\/movimientocalasanz.org\/fr\/wp-json\/wp\/v2\/users\/2"}],"replies":[{"embeddable":true,"href":"https:\/\/movimientocalasanz.org\/fr\/wp-json\/wp\/v2\/comments?post=649"}],"version-history":[{"count":1,"href":"https:\/\/movimientocalasanz.org\/fr\/wp-json\/wp\/v2\/posts\/649\/revisions"}],"predecessor-version":[{"id":653,"href":"https:\/\/movimientocalasanz.org\/fr\/wp-json\/wp\/v2\/posts\/649\/revisions\/653"}],"wp:featuredmedia":[{"embeddable":true,"href":"https:\/\/movimientocalasanz.org\/fr\/wp-json\/wp\/v2\/media\/644"}],"wp:attachment":[{"href":"https:\/\/movimientocalasanz.org\/fr\/wp-json\/wp\/v2\/media?parent=649"}],"wp:term":[{"taxonomy":"category","embeddable":true,"href":"https:\/\/movimientocalasanz.org\/fr\/wp-json\/wp\/v2\/categories?post=649"},{"taxonomy":"post_tag","embeddable":true,"href":"https:\/\/movimientocalasanz.org\/fr\/wp-json\/wp\/v2\/tags?post=649"}],"curies":[{"name":"wp","href":"https:\/\/api.w.org\/{rel}","templated":true}]}}