{"id":1019,"date":"2021-05-28T04:54:32","date_gmt":"2021-05-28T02:54:32","guid":{"rendered":"https:\/\/movimientocalasanz.org\/2021\/05\/28\/reiniciar-el-movimiento\/"},"modified":"2021-05-28T05:01:58","modified_gmt":"2021-05-28T03:01:58","slug":"reiniciar-el-movimiento","status":"publish","type":"post","link":"https:\/\/movimientocalasanz.org\/en\/2021\/05\/28\/reiniciar-el-movimiento\/","title":{"rendered":"Reiniciar el Movimiento."},"content":{"rendered":"<p style=\"font-weight: 400;\">El 31 de mayo\u00a0toda la Orden recuerda y celebra el aniversario de la proclamaci\u00f3n de Glicerio Landriani, patrono del Movimiento Calasanz, como Venerable, tambi\u00e9n conmemoramos su entrada a las Escuelas P\u00edas entusiasmado con el proyecto de Calasanz., por esta raz\u00f3n, en dicha fecha celebramos con gozo el d\u00eda del movimiento.<\/p>\n<p style=\"font-weight: 400;\">En el marco de la celebraci\u00f3n, el pr\u00f3ximo s\u00e1bado 29 de mayo se realizar\u00e1 el 1er. Encuentro On-Line con j\u00f3venes del Movimiento Calasanz de la geograf\u00eda Escolapia.<\/p>\n<p style=\"font-weight: 400;\">Te invitamos a expresar en redes sociales el Reinicio en Movimiento que vives en tu grupo local utilizando el hashtag: #MCalDay<\/p>\n<div class=\"wp-playlist wp-video-playlist wp-playlist-light\">\n\t\t<video controls=\"controls\" preload=\"none\" width=\"1058\"\n\t\t height=\"595\"\t><\/video>\n\t<div class=\"wp-playlist-next\"><\/div>\n\t<div class=\"wp-playlist-prev\"><\/div>\n\t<noscript>\n\t<ol>\n\t\t<li><a href='https:\/\/movimientocalasanz.org\/wp-content\/uploads\/2021\/05\/Movimiento-Calasanz-MCAL-DAY.mp4'>Movimiento Calasanz MCAL DAY<\/a><\/li>\t<\/ol>\n\t<\/noscript>\n\t<script type=\"application\/json\" class=\"wp-playlist-script\">{\"type\":\"video\",\"tracklist\":true,\"tracknumbers\":true,\"images\":true,\"artists\":true,\"tracks\":[{\"src\":\"https:\/\/movimientocalasanz.org\/wp-content\/uploads\/2021\/05\/Movimiento-Calasanz-MCAL-DAY.mp4\",\"type\":\"video\/mp4\",\"title\":\"Movimiento Calasanz MCAL DAY\",\"caption\":\"\",\"description\":\"\",\"meta\":{\"length_formatted\":\"0:08\"},\"dimensions\":{\"original\":{\"width\":1280,\"height\":720},\"resized\":{\"width\":1058,\"height\":595}},\"image\":{\"src\":\"https:\/\/movimientocalasanz.org\/wp-includes\/images\/media\/video.svg\",\"width\":48,\"height\":64},\"thumb\":{\"src\":\"https:\/\/movimientocalasanz.org\/wp-includes\/images\/media\/video.svg\",\"width\":48,\"height\":64}}]}<\/script>\n<\/div>\n\t\n","protected":false},"excerpt":{"rendered":"<p>El 31 de mayo&nbsp;toda la Orden recuerda y celebra el aniversario de la proclamaci&oacute;n de Glicerio Landriani, patrono del Movimiento Calasanz, como Venerable, tambi&eacute;n conmemoramos su entrada a las Escuelas P&iacute;as entusiasmado con el proyecto de Calasanz., por esta raz&oacute;n, en dicha fecha celebramos con gozo el d&iacute;a del movimiento. En el marco de la [&hellip;]<\/p>\n","protected":false},"author":2,"featured_media":1015,"comment_status":"open","ping_status":"open","sticky":false,"template":"","format":"standard","meta":{"_et_pb_use_builder":"","_et_pb_old_content":"","_et_gb_content_width":"","footnotes":""},"categories":[12],"tags":[60],"class_list":["post-1019","post","type-post","status-publish","format-standard","has-post-thumbnail","hentry","category-noticias-en","tag-dia-del-movimiento-calasanz-en"],"_links":{"self":[{"href":"https:\/\/movimientocalasanz.org\/en\/wp-json\/wp\/v2\/posts\/1019","targetHints":{"allow":["GET"]}}],"collection":[{"href":"https:\/\/movimientocalasanz.org\/en\/wp-json\/wp\/v2\/posts"}],"about":[{"href":"https:\/\/movimientocalasanz.org\/en\/wp-json\/wp\/v2\/types\/post"}],"author":[{"embeddable":true,"href":"https:\/\/movimientocalasanz.org\/en\/wp-json\/wp\/v2\/users\/2"}],"replies":[{"embeddable":true,"href":"https:\/\/movimientocalasanz.org\/en\/wp-json\/wp\/v2\/comments?post=1019"}],"version-history":[{"count":5,"href":"https:\/\/movimientocalasanz.org\/en\/wp-json\/wp\/v2\/posts\/1019\/revisions"}],"predecessor-version":[{"id":1038,"href":"https:\/\/movimientocalasanz.org\/en\/wp-json\/wp\/v2\/posts\/1019\/revisions\/1038"}],"wp:featuredmedia":[{"embeddable":true,"href":"https:\/\/movimientocalasanz.org\/en\/wp-json\/wp\/v2\/media\/1015"}],"wp:attachment":[{"href":"https:\/\/movimientocalasanz.org\/en\/wp-json\/wp\/v2\/media?parent=1019"}],"wp:term":[{"taxonomy":"category","embeddable":true,"href":"https:\/\/movimientocalasanz.org\/en\/wp-json\/wp\/v2\/categories?post=1019"},{"taxonomy":"post_tag","embeddable":true,"href":"https:\/\/movimientocalasanz.org\/en\/wp-json\/wp\/v2\/tags?post=1019"}],"curies":[{"name":"wp","href":"https:\/\/api.w.org\/{rel}","templated":true}]}}